{"id":99,"date":"2025-06-24T16:52:58","date_gmt":"2025-06-24T16:52:58","guid":{"rendered":"https:\/\/www.procesa.cl\/racks\/?p=99"},"modified":"2025-11-17T21:04:36","modified_gmt":"2025-11-17T21:04:36","slug":"capacidad-de-carga-que-medir-al-escoger-un-racks-industriales","status":"publish","type":"post","link":"https:\/\/www.procesa.cl\/racks\/2025\/06\/24\/capacidad-de-carga-que-medir-al-escoger-un-racks-industriales\/","title":{"rendered":"Capacidad de Carga: Qu\u00e9 Medir al Escoger Racks Industriales"},"content":{"rendered":"<div class=\"wp-block-image\">\n<figure class=\"alignright size-full is-resized\"><img loading=\"lazy\" decoding=\"async\" width=\"900\" height=\"675\" src=\"https:\/\/www.procesa.cl\/racks\/wp-content\/uploads\/2025\/06\/drive-in-rack4.jpg\" alt=\"\" class=\"wp-image-100\" style=\"width:448px;height:auto\"\/><\/figure>\n<\/div>\n\n\n<p>Cuando se trata de invertir en un sistema de almacenaje met\u00e1lico, como los <a href=\"https:\/\/www.procesa.cl\/racks.html\">racks industriales<\/a>, son diversos factores a tener en cuenta para escoger la opci\u00f3n adecuada a tus necesidades. Si bien este es un tema que se ha abordado en diferentes notas de <a href=\"https:\/\/www.procesa.cl\/\">Procesa<\/a>, esta vez se hace necesario enfocarse en uno de los aspectos m\u00e1s importante a considerar: <strong>la capacidad de carga<\/strong>. Esto porque un error en este c\u00e1lculo o no tener en cuenta este dato, no solo afectar\u00e1 la eficiencia del espacio, sino que tambi\u00e9n pondr\u00e1 en riesgo la seguridad tanto de las personas como de los productos.<\/p>\n\n\n\n<p>La capacidad de carga es el <strong>peso m\u00e1ximo<\/strong> que un rack met\u00e1lico puede soportar de forma segura, sin comprometer su estructura. Este puede expresarse en<strong> kilos por nivel<\/strong> o<strong> por unidad completa<\/strong>. Esta capacidad depende de, por ejemplo, tipo de rack (selectivo, drive-in, cantilever, etc), el material y dise\u00f1o de la estructura, la distribuci\u00f3n del peso o las condiciones del entorno.&nbsp;<\/p>\n\n\n\n<p>Pero, a la hora de seleccionar un sistema bas\u00e1ndose en este factor, \u00bfqu\u00e9 debo medir? Para esto, se recomienda <strong>identificar el peso por unidad<\/strong> y <strong>total <\/strong>de cada pallet o caja. Tambi\u00e9n, se debe multiplicar por la <strong>cantidad de niveles de rack<\/strong> y <strong>sumar un margen<\/strong> de seguridad del 10-15%. De igual forma, es fundamental consultar con tu proveedor si necesitas refuerzos estructurales, cruces o anclajes especiales.<\/p>\n\n\n\n<p>Cuando se busca un rack resistente, existen ciertas <strong>caracter\u00edsticas t\u00e9cnicas<\/strong> que podr\u00edan facilitar tu b\u00fasqueda. Por ejemplo, el material ideal es el acero galvanizado o pintado con tratamiento anticorrosivo. Asimismo, la estructura debe estar dise\u00f1ada para resistir tanto el peso vertical de la carga como los movimientos laterales por lo que debe tener refuerzos verticales y horizontales. Finalmente, en zonas s\u00edsmicas como Chile, la compatibilidad con anclajes al piso y sistemas antis\u00edsmicos es un punto esencial para impedir que la estructura se desplace o vuelque ante una sobrecarga, colisi\u00f3n o sismo.<\/p>\n","protected":false},"excerpt":{"rendered":"<p>Cuando se trata de invertir en un sistema de almacenaje met\u00e1lico, como los racks industriales, son diversos factores a tener en cuenta para escoger la opci\u00f3n adecuada a tus necesidades. Si bien este es un tema que se ha abordado en diferentes notas de Procesa, esta vez se hace necesario enfocarse en uno de los [&hellip;]<\/p>\n","protected":false},"author":1,"featured_media":0,"comment_status":"closed","ping_status":"open","sticky":false,"template":"","format":"standard","meta":{"pagelayer_contact_templates":[],"_pagelayer_content":"","footnotes":""},"categories":[2],"tags":[],"class_list":["post-99","post","type-post","status-publish","format-standard","hentry","category-racks-metalicos"],"_links":{"self":[{"href":"https:\/\/www.procesa.cl\/racks\/wp-json\/wp\/v2\/posts\/99","targetHints":{"allow":["GET"]}}],"collection":[{"href":"https:\/\/www.procesa.cl\/racks\/wp-json\/wp\/v2\/posts"}],"about":[{"href":"https:\/\/www.procesa.cl\/racks\/wp-json\/wp\/v2\/types\/post"}],"author":[{"embeddable":true,"href":"https:\/\/www.procesa.cl\/racks\/wp-json\/wp\/v2\/users\/1"}],"replies":[{"embeddable":true,"href":"https:\/\/www.procesa.cl\/racks\/wp-json\/wp\/v2\/comments?post=99"}],"version-history":[{"count":2,"href":"https:\/\/www.procesa.cl\/racks\/wp-json\/wp\/v2\/posts\/99\/revisions"}],"predecessor-version":[{"id":102,"href":"https:\/\/www.procesa.cl\/racks\/wp-json\/wp\/v2\/posts\/99\/revisions\/102"}],"wp:attachment":[{"href":"https:\/\/www.procesa.cl\/racks\/wp-json\/wp\/v2\/media?parent=99"}],"wp:term":[{"taxonomy":"category","embeddable":true,"href":"https:\/\/www.procesa.cl\/racks\/wp-json\/wp\/v2\/categories?post=99"},{"taxonomy":"post_tag","embeddable":true,"href":"https:\/\/www.procesa.cl\/racks\/wp-json\/wp\/v2\/tags?post=99"}],"curies":[{"name":"wp","href":"https:\/\/api.w.org\/{rel}","templated":true}]}}