{"id":121,"date":"2025-08-26T22:21:05","date_gmt":"2025-08-26T22:21:05","guid":{"rendered":"https:\/\/www.procesa.cl\/racks\/?p=121"},"modified":"2025-11-17T21:04:35","modified_gmt":"2025-11-17T21:04:35","slug":"como-saber-si-estas-desaprovechando-el-espacio-en-altura-de-tu-bodega","status":"publish","type":"post","link":"https:\/\/www.procesa.cl\/racks\/2025\/08\/26\/como-saber-si-estas-desaprovechando-el-espacio-en-altura-de-tu-bodega\/","title":{"rendered":"C\u00f3mo Saber si est\u00e1s Desaprovechando el Espacio en Altura de tu Bodega"},"content":{"rendered":"<div class=\"wp-block-image\">\n<figure class=\"alignright size-full is-resized\"><img loading=\"lazy\" decoding=\"async\" width=\"900\" height=\"675\" src=\"https:\/\/www.procesa.cl\/racks\/wp-content\/uploads\/2025\/08\/pudahuel2_a.jpg\" alt=\"Bodega con Cajas en Sistemas de Almacenaje Met\u00e1licos\" class=\"wp-image-122\" style=\"width:419px;height:auto\"\/><\/figure>\n<\/div>\n\n\n<p>Muchas veces, al pensar en la capacidad de una bodega o lugar de almacenamiento, lo primero que se viene en mente es la <strong>superficie del piso<\/strong>, espec\u00edficamente cu\u00e1ntos metros cuadrados hay disponible y cu\u00e1ntos productos se pueden acomodar en ese espacio. No obstante, este pensamiento deja fuera un factor clave: <strong>la altura<\/strong>. En muchas instalaciones, los metros c\u00fabicos disponibles hacia arriba son <strong>desaprovechados<\/strong>, generando una falsa sensaci\u00f3n de que \u201cya no cabe nada m\u00e1s\u201d y que la \u00fanica soluci\u00f3n es ampliar o arrendar un nuevo espacio.<\/p>\n\n\n\n<p>En la gesti\u00f3n de bodegas, mirar hacia arriba no solo te permitir\u00e1 <strong>multiplicar tu capacidad de almacenamiento<\/strong> sin aumentar costos fijos, sino que tambi\u00e9n contribuye enormemente a <strong>mejorar la organizaci\u00f3n<\/strong>, <strong>seguridad<\/strong> y <strong>eficiencia<\/strong> de las operaciones. Aprovechar de forma estrat\u00e9gica el espacio vertical significa optimizar cada metro de la bodega, reducir pasillos innecesarios y facilitar el acceso a la mercanc\u00eda seg\u00fan su rotaci\u00f3n. Pero, \u00bfc\u00f3mo saber si no est\u00e1s aprovechando al 100% el espacio vertical de tu bodega? en <a href=\"https:\/\/www.procesa.cl\/\">Procesa<\/a> te explicamos.<\/p>\n\n\n\n<p>Dentro de las se\u00f1ales que puedes encontrar sobre el desaprovechamiento de tu espacio vertical est\u00e1n, por ejemplo, <strong>mucho \u201caire libre\u201d debajo del techo<\/strong>. Si al levantar la vista notas que gran parte de la altura de tu bodega est\u00e1 vac\u00eda, significa que podr\u00edas instalar <a href=\"https:\/\/www.procesa.cl\/estanterias.html\">estanter\u00edas met\u00e1licas<\/a> m\u00e1s altas, sistemas de <a href=\"https:\/\/www.procesa.cl\/racks.html\">racks<\/a> o soluciones automatizadas que te permitan multiplicar la capacidad sin mover un solo muro.<\/p>\n\n\n\n<p>Por otro lado, si en tu bodega <strong>hay mercanc\u00eda solo a nivel de piso<\/strong> tambi\u00e9n podr\u00edas estar desaprovechando tu espacio. Apilar cajas o pallets directamente en el suelo limita la capacidad de almacenamiento y aumenta los riesgos de accidentes. Si no existen estanter\u00edas o racks que permitan aprovechar la altura, la bodega puede saturarse r\u00e1pidamente.<\/p>\n\n\n\n<p>Finalmente, si percibes <strong>problemas de saturaci\u00f3n a pesar de contar con altura libre<\/strong> puede ser por problemas de no aprovechar completamente el espacio disponible. Es com\u00fan ver pasillos llenos de productos y espacios reducidos para maniobrar, mientras que hacia arriba sobra espacio vac\u00edo. Este desorden no solo refleja un mal uso del espacio vertical, sino que tambi\u00e9n afecta la productividad y la seguridad de la operaci\u00f3n.<\/p>\n\n\n\n<p>Sin dudas, el espacio vertical de una bodega puede ser un recurso invisible, pero aprovecharlo de forma estrat\u00e9gica puede marcar la diferencia entre una operaci\u00f3n limitada y una altamente eficiente.<\/p>\n","protected":false},"excerpt":{"rendered":"<p>Muchas veces, al pensar en la capacidad de una bodega o lugar de almacenamiento, lo primero que se viene en mente es la superficie del piso, espec\u00edficamente cu\u00e1ntos metros cuadrados hay disponible y cu\u00e1ntos productos se pueden acomodar en ese espacio. No obstante, este pensamiento deja fuera un factor clave: la altura. En muchas instalaciones, [&hellip;]<\/p>\n","protected":false},"author":1,"featured_media":0,"comment_status":"closed","ping_status":"open","sticky":false,"template":"","format":"standard","meta":{"pagelayer_contact_templates":[],"_pagelayer_content":"","footnotes":""},"categories":[4,2],"tags":[],"class_list":["post-121","post","type-post","status-publish","format-standard","hentry","category-estanterias-industriales","category-racks-metalicos"],"_links":{"self":[{"href":"https:\/\/www.procesa.cl\/racks\/wp-json\/wp\/v2\/posts\/121","targetHints":{"allow":["GET"]}}],"collection":[{"href":"https:\/\/www.procesa.cl\/racks\/wp-json\/wp\/v2\/posts"}],"about":[{"href":"https:\/\/www.procesa.cl\/racks\/wp-json\/wp\/v2\/types\/post"}],"author":[{"embeddable":true,"href":"https:\/\/www.procesa.cl\/racks\/wp-json\/wp\/v2\/users\/1"}],"replies":[{"embeddable":true,"href":"https:\/\/www.procesa.cl\/racks\/wp-json\/wp\/v2\/comments?post=121"}],"version-history":[{"count":1,"href":"https:\/\/www.procesa.cl\/racks\/wp-json\/wp\/v2\/posts\/121\/revisions"}],"predecessor-version":[{"id":123,"href":"https:\/\/www.procesa.cl\/racks\/wp-json\/wp\/v2\/posts\/121\/revisions\/123"}],"wp:attachment":[{"href":"https:\/\/www.procesa.cl\/racks\/wp-json\/wp\/v2\/media?parent=121"}],"wp:term":[{"taxonomy":"category","embeddable":true,"href":"https:\/\/www.procesa.cl\/racks\/wp-json\/wp\/v2\/categories?post=121"},{"taxonomy":"post_tag","embeddable":true,"href":"https:\/\/www.procesa.cl\/racks\/wp-json\/wp\/v2\/tags?post=121"}],"curies":[{"name":"wp","href":"https:\/\/api.w.org\/{rel}","templated":true}]}}